{"id":18,"count":0,"description":"Cette rubrique pr\u00e9sente les principaux temps forts, r\u00e9unions et \u00e9v\u00e9nements li\u00e9s \u00e0 la vie institutionnelle de l\u2019\u00e9tablissement.","link":"https:\/\/services.univ-avignon.fr\/presidence\/question\/agenda-vie-institutionnelle\/","name":"Agenda &amp; vie institutionnelle","slug":"agenda-vie-institutionnelle","taxonomy":"category","parent":0,"meta":[],"acf":[],"_links":{"self":[{"href":"https:\/\/services.univ-avignon.fr\/presidence\/wp-json\/wp\/v2\/categories\/18","targetHints":{"allow":["GET"]}}],"collection":[{"href":"https:\/\/services.univ-avignon.fr\/presidence\/wp-json\/wp\/v2\/categories"}],"about":[{"href":"https:\/\/services.univ-avignon.fr\/presidence\/wp-json\/wp\/v2\/taxonomies\/category"}],"wp:post_type":[{"href":"https:\/\/services.univ-avignon.fr\/presidence\/wp-json\/wp\/v2\/posts?categories=18"},{"href":"https:\/\/services.univ-avignon.fr\/presidence\/wp-json\/wp\/v2\/faq?categories=18"},{"href":"https:\/\/services.univ-avignon.fr\/presidence\/wp-json\/wp\/v2\/pages?categories=18"}],"curies":[{"name":"wp","href":"https:\/\/api.w.org\/{rel}","templated":true}]}}