{"id":19,"count":2,"description":"","link":"https:\/\/services.univ-avignon.fr\/presidence\/question\/communication-interne\/message-de-la-vice-presidence-deleguee-a-la-transition-environnementale\/","name":"Message de la vice-pr\u00e9sidence d\u00e9l\u00e9gu\u00e9e \u00e0 la Transition environnementale","slug":"message-de-la-vice-presidence-deleguee-a-la-transition-environnementale","taxonomy":"category","parent":17,"meta":[],"acf":[],"_links":{"self":[{"href":"https:\/\/services.univ-avignon.fr\/presidence\/wp-json\/wp\/v2\/categories\/19","targetHints":{"allow":["GET"]}}],"collection":[{"href":"https:\/\/services.univ-avignon.fr\/presidence\/wp-json\/wp\/v2\/categories"}],"about":[{"href":"https:\/\/services.univ-avignon.fr\/presidence\/wp-json\/wp\/v2\/taxonomies\/category"}],"up":[{"embeddable":true,"href":"https:\/\/services.univ-avignon.fr\/presidence\/wp-json\/wp\/v2\/categories\/17"}],"wp:post_type":[{"href":"https:\/\/services.univ-avignon.fr\/presidence\/wp-json\/wp\/v2\/posts?categories=19"},{"href":"https:\/\/services.univ-avignon.fr\/presidence\/wp-json\/wp\/v2\/faq?categories=19"},{"href":"https:\/\/services.univ-avignon.fr\/presidence\/wp-json\/wp\/v2\/pages?categories=19"}],"curies":[{"name":"wp","href":"https:\/\/api.w.org\/{rel}","templated":true}]}}